{"id":1,"date":"2007-03-09T09:48:41","date_gmt":"2007-03-09T07:48:41","guid":{"rendered":"http:\/\/www.superjeans.de\/wordpress\/?p=1"},"modified":"2010-09-06T19:21:58","modified_gmt":"2010-09-06T17:21:58","slug":"hallo-welt","status":"publish","type":"post","link":"http:\/\/www.apartment666.com\/blog\/2007\/03\/09\/hallo-welt\/","title":{"rendered":">Macht und Rebel< nach Matias Faldbakken, Volksb\u00fchne Berlin, Prater"},"content":{"rendered":"<p><a href='http:\/\/www.apartment666.com\/blog\/wp-content\/uploads\/2007\/10\/machtundrebel-011.jpg' title=''><img src='http:\/\/www.apartment666.com\/blog\/wp-content\/uploads\/2007\/10\/machtundrebel-011-150x150.jpg' alt='' \/><\/a><a href='http:\/\/www.apartment666.com\/blog\/wp-content\/uploads\/2007\/10\/machtundrebel-041.jpg' title=''><img src='http:\/\/www.apartment666.com\/blog\/wp-content\/uploads\/2007\/10\/machtundrebel-041-150x150.jpg' alt='' \/><\/a><a href='http:\/\/www.apartment666.com\/blog\/wp-content\/uploads\/2007\/10\/machtundrebel-131.jpg' title=''><img src='http:\/\/www.apartment666.com\/blog\/wp-content\/uploads\/2007\/10\/machtundrebel-131-150x150.jpg' alt='' \/><\/a><a href='http:\/\/www.apartment666.com\/blog\/wp-content\/uploads\/2007\/10\/machtundrebel-1711.jpg' title=''><img src='http:\/\/www.apartment666.com\/blog\/wp-content\/uploads\/2007\/10\/machtundrebel-1711-150x150.jpg' alt='' \/><\/a><a href='http:\/\/www.apartment666.com\/blog\/wp-content\/uploads\/2007\/10\/machtundrebel-241.jpg' title=''><img src='http:\/\/www.apartment666.com\/blog\/wp-content\/uploads\/2007\/10\/machtundrebel-241-150x150.jpg' alt='' \/><\/a><a href='http:\/\/www.apartment666.com\/blog\/wp-content\/uploads\/2007\/10\/machtundrebel-291.jpg' title=''><img src='http:\/\/www.apartment666.com\/blog\/wp-content\/uploads\/2007\/10\/machtundrebel-291-150x150.jpg' alt='' \/><\/a><a href='http:\/\/www.apartment666.com\/blog\/wp-content\/uploads\/2007\/10\/machtundrebel-381.jpg' title=''><img src='http:\/\/www.apartment666.com\/blog\/wp-content\/uploads\/2007\/10\/machtundrebel-381-150x150.jpg' alt='' \/><\/a><a href='http:\/\/www.apartment666.com\/blog\/wp-content\/uploads\/2007\/10\/machtundrebel-431.jpg' title=''><img src='http:\/\/www.apartment666.com\/blog\/wp-content\/uploads\/2007\/10\/machtundrebel-431-150x150.jpg' alt='' \/><\/a><a href='http:\/\/www.apartment666.com\/blog\/wp-content\/uploads\/2007\/10\/machtundrebel-4411.jpg' title=''><img src='http:\/\/www.apartment666.com\/blog\/wp-content\/uploads\/2007\/10\/machtundrebel-4411-150x150.jpg' alt='' \/><\/a><\/p>\n<p><strong>Macht und Rebel<br \/>\n<\/strong>Nach einem Roman von Matias Faldbakken<\/p>\n<p>Um die Wut als Ware geht es in \u201eMacht und Rebel\u201c, dem Roman von Matias Faldbakken, den Robert Lehniger in seiner ersten Arbeit an der Volksb\u00fchne im Prater inszeniert. In einem finalen Akt konsumstrategischer Ausbeutung erz\u00e4hlt der norwegische Autor, wie der Werbeberater Macht und der Untergrundskeptiker Rebel eine v\u00f6llig neuartige Armee rekrutieren: eine Armee aus Problemkindern. Die von der Gesellschaft versto\u00dfenen, politisch abgestumpften, physisch jedoch grenzenlos \u00fcberlegenen Jugendlichen treten an gegen die veraltete Milit\u00e4rmaschinerie des antikapitalistischen Widerstands. Faldbakkens \u201eskandinavische Misantrophie\u201c zeigt, wie die Apathie der Entrechteten umschlagen k\u00f6nnte in Gewalt, Aufstand und Umsturz.<\/p>\n<p>Besonders unberechenbar erscheint der jugendliche Zweig der Vergessenen, die von allen Bildungsinstitutionen und Integrationsbeh\u00f6rden vernachl\u00e4ssigten Teenager und Einwandererspr\u00f6sslinge, die, zusammengeschlossen in stetig wachsenden Horden, nur auf den geeigneten Moment zu warten scheinen, das System, das sie zur\u00fcckdr\u00e4ngt, endg\u00fcltig zu zerschlagen. Der Hass scheint grenzenlos und hoffnungslos alle \u00dcberlegungen, die angestaute Aggression kanalisieren zu wollen. Oder gibt es da doch noch eine M\u00f6glichkeit\u2026?<\/p>\n<p>In einem finalen Akt konsumstrategischer Ausbeutung inszeniert der norwegische Autor Matias Faldbakken im zweiten Teil seiner \u00abskandinavischen Misanthropie\u00bb die von Werbeberater MACHT und Untergrundskeptiker REBEL initiierte Rekrutierung einer v\u00f6llig neuartigen Armee. Die von der Gesellschaft versto\u00dfenen, politisch abgestumpften, physisch jedoch grenzenlos \u00fcberlegenen Problemjugendlichen treten an gegen die veraltete Milit\u00e4rmaschinerie des antikapitalistischen Widerstands.<\/p>\n<p>Der Angriff erfolgt auf Grundlage einer von Macht und Rebel betriebenen, \u00e4u\u00dferst perfiden Verschmelzung letzter Reste indizierten Gedankenguts und der radikalen Ausnutzung aller auffindbaren wunden Punkte der Feindesarmee. Ohne Interesse an den Zielen der Unternehmung, stattdessen mit der reinen Kraft der Freude ziehen Gold-Sultan, Mendoza, Jorge, Thong, Thong Jr. und die anderen Vertreter der minderj\u00e4hrigen \u00abSklavenkultur\u00bb in den Kampf. Die Losung der Stunde lautet: VERBINDE DICH MIT DER WUT, DIE SICH GEGEN DICH RICHTET, UND VERKAUFE SIE WEITER, GERN WIEDER AN DEN, DER AM W\u00dcTENDSTEN IST. DAS KLAPPT. SIE KAUFEN.<\/p>\n<p>Malte Ubenauf, 2007<\/p>\n<p>Premiere am 9. M\u00e4rz 2007 in der Volksb\u00fchne im Prater<\/p>\n<p>Mit: Bruno Cathomas, Albrecht Hirche, Ingolf M\u00fcller-Beck, Ada Labahn und Lilith Stangenberg<\/p>\n<p>Regie: Robert Lehniger<br \/>\nRaum: Bert Neumann, Caroline R\u00f6ssle Harper<br \/>\nKost\u00fcme: Ulrike Miller<br \/>\nVideo: Superjeans<br \/>\nMusik: Albrecht Hirche<br \/>\nDramaturgie: Malte Ubenauf<\/p>\n<p><a href=\"http:\/\/www.blumenbar.de\/blumenbar_dat\/buch_macht_rebel.html\">http:\/\/www.blumenbar.de<\/a><\/p>\n<!-- AddThis Advanced Settings generic via filter on the_content --><!-- AddThis Share Buttons generic via filter on the_content -->","protected":false},"excerpt":{"rendered":"<p>Macht und Rebel Nach einem Roman von Matias Faldbakken Um die Wut als Ware geht es in \u201eMacht und Rebel\u201c, dem Roman von Matias Faldbakken, den Robert Lehniger in seiner ersten Arbeit an der Volksb\u00fchne im Prater inszeniert. In einem &hellip; <a href=\"http:\/\/www.apartment666.com\/blog\/2007\/03\/09\/hallo-welt\/\">Weiterlesen <span class=\"meta-nav\">&rarr;<\/span><\/a><!-- AddThis Advanced Settings generic via filter on get_the_excerpt --><!-- AddThis Share Buttons generic via filter on get_the_excerpt --><\/p>\n","protected":false},"author":15,"featured_media":0,"comment_status":"open","ping_status":"open","sticky":false,"template":"","format":"standard","meta":{"footnotes":""},"categories":[1],"tags":[],"class_list":["post-1","post","type-post","status-publish","format-standard","hentry","category-allgemein"],"_links":{"self":[{"href":"http:\/\/www.apartment666.com\/blog\/wp-json\/wp\/v2\/posts\/1","targetHints":{"allow":["GET"]}}],"collection":[{"href":"http:\/\/www.apartment666.com\/blog\/wp-json\/wp\/v2\/posts"}],"about":[{"href":"http:\/\/www.apartment666.com\/blog\/wp-json\/wp\/v2\/types\/post"}],"author":[{"embeddable":true,"href":"http:\/\/www.apartment666.com\/blog\/wp-json\/wp\/v2\/users\/15"}],"replies":[{"embeddable":true,"href":"http:\/\/www.apartment666.com\/blog\/wp-json\/wp\/v2\/comments?post=1"}],"version-history":[{"count":1,"href":"http:\/\/www.apartment666.com\/blog\/wp-json\/wp\/v2\/posts\/1\/revisions"}],"predecessor-version":[{"id":1456,"href":"http:\/\/www.apartment666.com\/blog\/wp-json\/wp\/v2\/posts\/1\/revisions\/1456"}],"wp:attachment":[{"href":"http:\/\/www.apartment666.com\/blog\/wp-json\/wp\/v2\/media?parent=1"}],"wp:term":[{"taxonomy":"category","embeddable":true,"href":"http:\/\/www.apartment666.com\/blog\/wp-json\/wp\/v2\/categories?post=1"},{"taxonomy":"post_tag","embeddable":true,"href":"http:\/\/www.apartment666.com\/blog\/wp-json\/wp\/v2\/tags?post=1"}],"curies":[{"name":"wp","href":"https:\/\/api.w.org\/{rel}","templated":true}]}}